{"id":9300,"__str__":"Projeto de Lei Complementar Executivo n\u00ba 6 de 2025","link_detail_backend":"/materia/9300","metadata":{"signs":{"texto_original":{"admin":[],"autores":[["Marco Antonio Marcondes Silva",["2025-04-25T11:44:55-03:00","ICP-Brasil"]]]}}},"numero":6,"ano":2025,"numero_protocolo":null,"data_apresentacao":"2025-04-16","tipo_apresentacao":"E","data_publicacao":null,"numero_origem_externa":"","ano_origem_externa":null,"data_origem_externa":null,"apelido":"","dias_prazo":null,"data_fim_prazo":null,"em_tramitacao":true,"polemica":false,"objeto":"","complementar":true,"ementa":"\u201cDisp\u00f5e sobre a cria\u00e7\u00e3o do cargo de Profissional de Apoio Educacional no \u00e2mbito do Poder Executivo do Munic\u00edpio de Fazenda Rio Grande, conforme especifica e confere outras provid\u00eancias\u201d.","indexacao":"Fly: 0000678/2025","observacao":"","resultado":"","texto_original":"http://sapl.fazendariogrande.pr.leg.br/media/sapl/public/materialegislativa/2025/9300/projeto_de_lei_complementar_006-2025_executivo.pdf","data_ultima_atualizacao":"2025-06-10T09:04:26.451612-03:00","ip":"179.109.38.70","ultima_edicao":"2025-06-10T09:03:51.736825-03:00","tipo":5,"regime_tramitacao":1,"tipo_origem_externa":null,"local_origem_externa":null,"user":40,"anexadas":[],"autores":[96]}