{"id":8226,"__str__":"Requerimento n\u00ba 134 de 2024","link_detail_backend":"/materia/8226","metadata":{},"numero":134,"ano":2024,"numero_protocolo":null,"data_apresentacao":"2024-05-02","tipo_apresentacao":"E","data_publicacao":null,"numero_origem_externa":"","ano_origem_externa":null,"data_origem_externa":null,"apelido":"","dias_prazo":null,"data_fim_prazo":null,"em_tramitacao":false,"polemica":false,"objeto":"","complementar":false,"ementa":"Requer seja expedido of\u00edcio \u00e0 Dra. Claudia Silvano, coordenadora do PROCON PARAN\u00c1, \u00f3rg\u00e3o estadual de defesa do consumidor, para que seja realizada a fiscaliza\u00e7\u00e3o e posterior notifica\u00e7\u00e3o das operadoras respons\u00e1veis por cabeamentos irregulares nas vias p\u00fablicas de Fazenda Rio Grande.","indexacao":"","observacao":"","resultado":"","texto_original":"http://sapl.fazendariogrande.pr.leg.br/media/sapl/public/materialegislativa/2024/8226/requerimento_134-2024_ver._dr._renan_wozniack.pdf","data_ultima_atualizacao":"2024-05-03T08:15:24.072531-03:00","ip":"179.109.38.70","ultima_edicao":"2024-05-03T08:14:27.018326-03:00","tipo":3,"regime_tramitacao":1,"tipo_origem_externa":null,"local_origem_externa":null,"user":40,"anexadas":[],"autores":[83]}