{"id":7567,"__str__":"Mo\u00e7\u00e3o n\u00ba 18 de 2023","link_detail_backend":"/materia/7567","metadata":{"signs":{"texto_original":{"admin":[],"autores":[["Jose Carlos Bernardes",["2023-09-29T17:11:35-03:00","Gov-Br"]]]}}},"numero":18,"ano":2023,"numero_protocolo":null,"data_apresentacao":"2023-09-29","tipo_apresentacao":"E","data_publicacao":null,"numero_origem_externa":"","ano_origem_externa":null,"data_origem_externa":null,"apelido":"","dias_prazo":null,"data_fim_prazo":null,"em_tramitacao":false,"polemica":false,"objeto":"","complementar":false,"ementa":"A C\u00e2mara Municipal de Fazenda Rio Grande, em aten\u00e7\u00e3o ao seu compromisso com os princ\u00edpios e valores que regem nossa sociedade, solicita respeitosamente \u00e0 Mesa Diretora que encaminhe uma Mo\u00e7\u00e3o de Apelo ao Congresso Nacional, direcionada ao Excelent\u00edssimo Senhor Rodrigo Pacheco, Presidente do Senado Federal e ao Excelent\u00edssimo Senhor Arthur Lira, Presidente da C\u00e2mara dos Deputados, solicitando \u00e0 estes que se dignem distribuir c\u00f3pia da presente mo\u00e7\u00e3o a todos os integrantes dos respectivos poderes, em face da tentativa de legaliza\u00e7\u00e3o do aborto por meio da ADPF 442, a fim de garantir as prerrogativas constitucionais e republicanas das compet\u00eancias do Poder Legislativo e de se evitar um poss\u00edvel ativismo judicial por parte do Supremo Tribunal Federal. \r\n  Esta mo\u00e7\u00e3o considera tamb\u00e9m a ofensa mais ampla \u00e0 vida contida na tese da ADPF 442, que n\u00e3o somente peticiona a legaliza\u00e7\u00e3o do aborto at\u00e9 12 semanas, como tamb\u00e9m o reconhecimento imediato de um direito constitucional ao aborto durante todos","indexacao":"","observacao":"","resultado":"","texto_original":"http://sapl.fazendariogrande.pr.leg.br/media/sapl/public/materialegislativa/2023/7567/mocao_018-2023_-_apelo.pdf","data_ultima_atualizacao":"2023-10-02T09:16:59.677163-03:00","ip":"179.109.38.70","ultima_edicao":"2023-10-02T09:16:28.954168-03:00","tipo":7,"regime_tramitacao":1,"tipo_origem_externa":null,"local_origem_externa":null,"user":40,"anexadas":[],"autores":[]}