{"id":7467,"__str__":"Requerimento n\u00ba 321 de 2023","link_detail_backend":"/materia/7467","metadata":{},"numero":321,"ano":2023,"numero_protocolo":null,"data_apresentacao":"2023-09-06","tipo_apresentacao":"E","data_publicacao":null,"numero_origem_externa":"","ano_origem_externa":null,"data_origem_externa":null,"apelido":"","dias_prazo":null,"data_fim_prazo":null,"em_tramitacao":false,"polemica":false,"objeto":"","complementar":false,"ementa":"Requer que seja expedido of\u00edcio ao excelent\u00edssimo Deputado Estadual Alisson Wandscheer para que viabilize recursos para aquisi\u00e7\u00e3o de micro \u00f4nibus ou Van para Secretaria de emprego trabalho e renda, para que seja implantado como Itinerante em mutir\u00e3o de confec\u00e7\u00e3o de documentos de identifica\u00e7\u00e3o RG.","indexacao":"","observacao":"","resultado":"","texto_original":"http://sapl.fazendariogrande.pr.leg.br/media/sapl/public/materialegislativa/2023/7467/requerimento_321-2023_ver._maciel_do_dog.pdf","data_ultima_atualizacao":"2023-09-06T14:00:40.514775-03:00","ip":"179.109.38.70","ultima_edicao":"2023-09-06T14:00:09.535406-03:00","tipo":3,"regime_tramitacao":1,"tipo_origem_externa":null,"local_origem_externa":null,"user":40,"anexadas":[],"autores":[80]}