{"id":7452,"__str__":"Requerimento n\u00ba 319 de 2023","link_detail_backend":"/materia/7452","metadata":{},"numero":319,"ano":2023,"numero_protocolo":null,"data_apresentacao":"2023-09-04","tipo_apresentacao":"E","data_publicacao":null,"numero_origem_externa":"","ano_origem_externa":null,"data_origem_externa":null,"apelido":"","dias_prazo":null,"data_fim_prazo":null,"em_tramitacao":false,"polemica":false,"objeto":"","complementar":false,"ementa":"Requer nos termos regimentais, que seja expedido of\u00edcio ao Presidente da Fecom\u00e9rcio Sesc e Senac, Sr. Darci Piana para que atrav\u00e9s dessas institui\u00e7\u00f5es realizem a instala\u00e7\u00e3o da Sede do Sesc Senac no munic\u00edpio de Fazenda Rio Grande.","indexacao":"","observacao":"","resultado":"","texto_original":"http://sapl.fazendariogrande.pr.leg.br/media/sapl/public/materialegislativa/2023/7452/requerimento_319-2023_ver._julinho_do_pesque.pdf","data_ultima_atualizacao":"2023-09-04T17:05:45.122523-03:00","ip":"179.109.38.70","ultima_edicao":"2023-09-04T17:05:02.199351-03:00","tipo":3,"regime_tramitacao":1,"tipo_origem_externa":null,"local_origem_externa":null,"user":40,"anexadas":[],"autores":[6]}