{"id":7442,"__str__":"Requerimento n\u00ba 306 de 2023","link_detail_backend":"/materia/7442","metadata":{},"numero":306,"ano":2023,"numero_protocolo":null,"data_apresentacao":"2023-08-31","tipo_apresentacao":"E","data_publicacao":null,"numero_origem_externa":"","ano_origem_externa":null,"data_origem_externa":null,"apelido":"","dias_prazo":null,"data_fim_prazo":null,"em_tramitacao":false,"polemica":false,"objeto":"","complementar":false,"ementa":"Requer que seja expedido of\u00edcio para o  excelent\u00edssimo Deputado Estadual Alisson Wandscheer para que viabilize recursos para constru\u00e7\u00e3o de uma Pra\u00e7a P\u00fablica ao entorno das Ruas Rio Mairas, Carauna e Irer\u00ea tendo em vista que \u00e9 um anseio da popula\u00e7\u00e3o local que por meio de abaixo assinado vem comprovar os seus anseios.","indexacao":"","observacao":"","resultado":"","texto_original":"http://sapl.fazendariogrande.pr.leg.br/media/sapl/public/materialegislativa/2023/7442/requerimento_306-2023_ver._enfermeiro_ze_carlos.pdf","data_ultima_atualizacao":"2023-09-01T08:58:30.772182-03:00","ip":"179.109.38.70","ultima_edicao":"2023-08-31T16:38:20.617661-03:00","tipo":3,"regime_tramitacao":1,"tipo_origem_externa":null,"local_origem_externa":null,"user":40,"anexadas":[],"autores":[81]}