{"id":7431,"__str__":"Requerimento n\u00ba 309 de 2023","link_detail_backend":"/materia/7431","metadata":{},"numero":309,"ano":2023,"numero_protocolo":null,"data_apresentacao":"2023-08-31","tipo_apresentacao":"E","data_publicacao":null,"numero_origem_externa":"","ano_origem_externa":null,"data_origem_externa":null,"apelido":"","dias_prazo":null,"data_fim_prazo":null,"em_tramitacao":false,"polemica":false,"objeto":"","complementar":false,"ementa":"Requer que seja expedido of\u00edcio ao Exmo. Prefeito Municipal, atrav\u00e9s da Secretaria Municipal respons\u00e1vel, para que aprecie o ANTEPROJETO DE LEI que AUTORIZA O PODER P\u00daBLICO MUNICIPAL A INSTITUIR O PROGRAMA \"\u00d3CULOS FALANTES\" PARA OS DEFICIENTES VISUAIS NAS BIBLIOTECAS E NA REDE P\u00daBLICA DE EDUCA\u00c7\u00c3O NO MUNIC\u00cdPIO DE FAZENDA RIO GRANDE E D\u00c1 OUTRAS PROVID\u00caNCIAS.","indexacao":"","observacao":"","resultado":"","texto_original":"http://sapl.fazendariogrande.pr.leg.br/media/sapl/public/materialegislativa/2023/7431/requerimento_309-2023_ver._alex_padilha.pdf","data_ultima_atualizacao":"2023-08-31T13:16:00.180755-03:00","ip":"179.109.38.70","ultima_edicao":"2023-08-31T13:14:29.956147-03:00","tipo":3,"regime_tramitacao":1,"tipo_origem_externa":null,"local_origem_externa":null,"user":40,"anexadas":[],"autores":[95]}