{"id":7382,"__str__":"Requerimento n\u00ba 278 de 2023","link_detail_backend":"/materia/7382","metadata":{},"numero":278,"ano":2023,"numero_protocolo":null,"data_apresentacao":"2023-08-17","tipo_apresentacao":"E","data_publicacao":null,"numero_origem_externa":"","ano_origem_externa":null,"data_origem_externa":null,"apelido":"","dias_prazo":null,"data_fim_prazo":null,"em_tramitacao":false,"polemica":false,"objeto":"","complementar":false,"ementa":"Requer nos termos regimentais que, seja expedido of\u00edcio ao Exmo  Sr. Prefeito Municipal  solicitando \u00e0 Secretaria de  Trabalho, Qualifica\u00e7\u00e3o e Renda do Estado do Paran\u00e1 ao senhor secret\u00e1rio  Deputado Estadual  Mauro Moraes e Silva para que seja disponibilizada  a Carreta do Conhecimento,  Escola M\u00f3vel de Manuten\u00e7\u00e3o de Motocicletas para nosso munic\u00edpio.","indexacao":"","observacao":"","resultado":"","texto_original":"http://sapl.fazendariogrande.pr.leg.br/media/sapl/public/materialegislativa/2023/7382/requerimento_278-2023_varios_vereadores.pdf","data_ultima_atualizacao":"2023-08-17T14:48:38.234855-03:00","ip":"179.109.38.70","ultima_edicao":"2023-08-17T14:48:03.978663-03:00","tipo":3,"regime_tramitacao":1,"tipo_origem_externa":null,"local_origem_externa":null,"user":40,"anexadas":[],"autores":[6,94,93,58]}