{"id":7079,"__str__":"Mo\u00e7\u00e3o n\u00ba 8 de 2023","link_detail_backend":"/materia/7079","metadata":{},"numero":8,"ano":2023,"numero_protocolo":null,"data_apresentacao":"2023-05-03","tipo_apresentacao":"E","data_publicacao":null,"numero_origem_externa":"","ano_origem_externa":null,"data_origem_externa":null,"apelido":"","dias_prazo":null,"data_fim_prazo":null,"em_tramitacao":false,"polemica":false,"objeto":"","complementar":false,"ementa":"A C\u00e2mara Municipal de Fazenda Rio Grande, atrav\u00e9s do Vereador Professor Fabiano Fub\u00e1 e subscrita pelos demais Vereadores, externa os mais elevados sentimentos de pesar pelo falecimento do ex-vereador Pedro Alvacir de Lima que exerceu seu mandato de 2001 a 2004.\r\nPedro Alvacir de Lima, com 72 anos de idade, pai de fam\u00edlia que veio a \u00f3bito no dia 28 de Abril de 2023 deixa um legado de valor e contribui\u00e7\u00e3o para a nossa sociedade. \r\nNeste momento de perda e saudade, manifestamos nossos sentimentos de solidariedade e respeito \u00e0 fam\u00edlia e aos amigos da Sr. Pedro Alvacir de Lima, desejando-lhes for\u00e7a e paz.","indexacao":"","observacao":"","resultado":"","texto_original":"http://sapl.fazendariogrande.pr.leg.br/media/sapl/public/materialegislativa/2023/7079/mocao_008-2023_-_pesar.pdf","data_ultima_atualizacao":"2023-05-08T14:13:09.985529-03:00","ip":"179.109.38.70","ultima_edicao":"2023-05-08T14:12:02.364172-03:00","tipo":7,"regime_tramitacao":1,"tipo_origem_externa":null,"local_origem_externa":null,"user":40,"anexadas":[],"autores":[95,84,85,73,6,8,94,88,80,79]}