{"id":6395,"__str__":"Requerimento n\u00ba 344 de 2022","link_detail_backend":"/materia/6395","metadata":{},"numero":344,"ano":2022,"numero_protocolo":null,"data_apresentacao":"2022-09-23","tipo_apresentacao":"E","data_publicacao":null,"numero_origem_externa":"","ano_origem_externa":null,"data_origem_externa":null,"apelido":"","dias_prazo":null,"data_fim_prazo":null,"em_tramitacao":false,"polemica":false,"objeto":"","complementar":false,"ementa":"Requer, seja expedido of\u00edcio ao Excelent\u00edssimo Senhor prefeito para que atrav\u00e9s da Secretaria Competente, envie a essa Casa de Leis as seguintes informa\u00e7\u00f5es, referentes ao Dia Nacional do Dentista, que \u00e9 comemorado no dia 25 de outubro, e se tornou o dia Nacional da Sa\u00fade Bocal:\r\na) Quantos atendimentos s\u00e3o disponibilizados na \u00e1rea da sa\u00fade bocal para a popula\u00e7\u00e3o diariamente em nosso munic\u00edpio?\r\nb) Quantos m\u00e9dicos dentistas atuam nas referidas unidades de sa\u00fade?\r\nc) Qual o tempo m\u00e9dio de espera para atendimentos ortod\u00f4nticos nas unidades de sa\u00fades?\r\nd) Existe a possibilidade de realizar um mutir\u00e3o de atendimentos para cuidados com a sa\u00fade bucal no munic\u00edpio?","indexacao":"","observacao":"","resultado":"","texto_original":"http://sapl.fazendariogrande.pr.leg.br/media/sapl/public/materialegislativa/2022/6395/requerimento_n344.pdf","data_ultima_atualizacao":"2022-09-28T09:43:37.997084-03:00","ip":"179.109.38.70","ultima_edicao":"2022-09-28T09:43:37.901844-03:00","tipo":3,"regime_tramitacao":1,"tipo_origem_externa":null,"local_origem_externa":null,"user":40,"anexadas":[],"autores":[79]}