{"id":5515,"__str__":"Indica\u00e7\u00e3o n\u00ba 25 de 2022","link_detail_backend":"/materia/5515","metadata":{},"numero":25,"ano":2022,"numero_protocolo":null,"data_apresentacao":"2022-03-17","tipo_apresentacao":"E","data_publicacao":null,"numero_origem_externa":"","ano_origem_externa":null,"data_origem_externa":null,"apelido":"","dias_prazo":null,"data_fim_prazo":null,"em_tramitacao":false,"polemica":false,"objeto":"","complementar":false,"ementa":"Indica seja expedido of\u00edcio ao Exmo. Sr. Prefeito para que o mesmo, por meio dos seus setores competentes, realize as seguintes a\u00e7\u00f5es para a valoriza\u00e7\u00e3o da Pra\u00e7a Izaltino Salvador, popularmente conhecida como Pra\u00e7a Tapaj\u00f3s, no bairro Igua\u00e7u:\r\na)\tLimpeza e ro\u00e7ada peri\u00f3dicas;\r\nb)\tA manuten\u00e7\u00e3o e/ou instala\u00e7\u00e3o de equipamentos recreativos e esportivos;\r\nc)\tA realiza\u00e7\u00e3o de patrulhamento preventivo, principalmente nos per\u00edodos da noite e da madrugada.","indexacao":"INDICA\u00c7\u00c3O N\u00ba 025/2022 \r\n\r\nO vereador professor H\u00e9lio Pereira, que adiante subscreve, no uso de suas atribui\u00e7\u00f5es legais e regimentais, submete ao Plen\u00e1rio a seguinte:\r\n\r\nINDICA\u00c7\u00c3O\r\n\r\nIndica seja expedido of\u00edcio ao Exmo. Sr. Prefeito para que o mesmo, por meio dos seus setores competentes, realize as seguintes a\u00e7\u00f5es para a valoriza\u00e7\u00e3o da Pra\u00e7a Izaltino Salvador, popularmente conhecida como Pra\u00e7a Tapaj\u00f3s, no bairro Igua\u00e7u:\r\na)\tLimpeza e ro\u00e7ada peri\u00f3dicas;\r\nb)\tA manuten\u00e7\u00e3o e/ou instala\u00e7\u00e3o de equipamentos recreativos e esportivos;\r\nc)\tA realiza\u00e7\u00e3o de patrulhamento preventivo, principalmente nos per\u00edodos da noite e da madrugada.\r\n\r\n\r\nJUSTIFICATIVA\r\n                                                   \r\nEsta indica\u00e7\u00e3o visa valorizar a Pra\u00e7a Izaltino Salvador, ou a Pra\u00e7a Tapaj\u00f3s - como \u00e9 popularmente conhecida, a fim de promover o uso seguro e regular daquele espa\u00e7o p\u00fablico pela popula\u00e7\u00e3o do bairro Igua\u00e7u, especialmente da que mora em seus entornos. A pra\u00e7a em quest\u00e3o \u00e9 um dos pontos de encontro de nossa popula\u00e7\u00e3o, seja para a pr\u00e1tica de esportes ou atividades de lazer.\r\n\r\n\r\nFazenda Rio Grande, 17 de mar\u00e7o de 2022.\r\n\r\n\r\n\r\nProfessor H\u00e9lio Pereira\r\nVereador","observacao":"","resultado":"","texto_original":"http://sapl.fazendariogrande.pr.leg.br/media/sapl/public/materialegislativa/2022/5515/indicacao_025-2022_-_professor_helio.pdf","data_ultima_atualizacao":"2022-04-22T14:13:35.693330-03:00","ip":"179.109.45.18","ultima_edicao":"2022-04-22T14:13:35.574996-03:00","tipo":8,"regime_tramitacao":1,"tipo_origem_externa":null,"local_origem_externa":null,"user":40,"anexadas":[],"autores":[58]}