{"id":5505,"__str__":"Indica\u00e7\u00e3o n\u00ba 13 de 2022","link_detail_backend":"/materia/5505","metadata":{},"numero":13,"ano":2022,"numero_protocolo":null,"data_apresentacao":"2022-02-16","tipo_apresentacao":"","data_publicacao":null,"numero_origem_externa":"","ano_origem_externa":null,"data_origem_externa":null,"apelido":"","dias_prazo":null,"data_fim_prazo":null,"em_tramitacao":false,"polemica":false,"objeto":"","complementar":false,"ementa":"Indico seja expedido o of\u00edcio ao Exmo. Sr. Prefeito Municipal, para que atrav\u00e9s da Secretaria competente realize a pavimenta\u00e7\u00e3o asf\u00e1ltica com implanta\u00e7\u00e3o de cal\u00e7adas com acesso \u00e0s resid\u00eancias tangenciais das seguintes ruas localizada no Jardim Suzuki: Rua Santo Hil\u00e1rio de Portier, Rua Matinhos, Rua Santa L\u00facia, Rua Santa Bernadete, Rua S\u00e3o F\u00e9lix e Rua S\u00e3o Domingo S\u00e1vio.","indexacao":"INDICA\u00c7\u00c3O N\u00ba 013/2022\r\n\r\nO Vereador GILMAR JOS\u00c9 PETRY, que abaixo subscreve, no uso de suas atribui\u00e7\u00f5es legais e regimentais, submete ao plen\u00e1rio a seguinte:\r\n\r\nINDICA\u00c7\u00c3O\r\n\r\nIndico seja expedido o of\u00edcio ao Exmo. Sr. Prefeito Municipal, para que atrav\u00e9s da Secretaria competente realize a pavimenta\u00e7\u00e3o asf\u00e1ltica com implanta\u00e7\u00e3o de cal\u00e7adas com acesso \u00e0s resid\u00eancias tangenciais das seguintes ruas localizada no Jardim Suzuki:\r\nRua Santo Hil\u00e1rio de Portier, Rua Matinhos, Rua Santa L\u00facia, Rua Santa Bernadete, Rua S\u00e3o F\u00e9lix e Rua S\u00e3o Domingo S\u00e1vio.\r\nJUSTIFICATIVA\r\n\r\nJustifica-se esta indica\u00e7\u00e3o em virtude das ruas supramencionadas serem de grande movimenta\u00e7\u00e3o de ve\u00edculos e pedestres, e ainda, n\u00e3o foram contempladas com a pavimenta\u00e7\u00e3o asf\u00e1ltica gerando transtornos em dias de chuva e al\u00e9m da poeira intensa. Diante disso, solicito esta benfeitoria em prol dos moradores desta localidade os quais aguardam ansiosos pela realiza\u00e7\u00e3o desta t\u00e3o importante obra\r\nFazenda Rio Grande, 17 de Fevereiro de 2022\r\n\r\n\r\nGilmar Jos\u00e9 Petry\r\nVereador","observacao":"","resultado":"","texto_original":"http://sapl.fazendariogrande.pr.leg.br/media/sapl/public/materialegislativa/2022/5505/indicacao_013-2022_-_gilmar_petry.pdf","data_ultima_atualizacao":"2022-04-22T14:15:59.444763-03:00","ip":"179.109.45.18","ultima_edicao":"2022-04-22T14:15:59.356100-03:00","tipo":8,"regime_tramitacao":1,"tipo_origem_externa":null,"local_origem_externa":null,"user":40,"anexadas":[],"autores":[73]}