{"id":513,"__str__":"Requerimento n\u00ba 178 de 2015","link_detail_backend":"/materia/513","metadata":{},"numero":178,"ano":2015,"numero_protocolo":670,"data_apresentacao":"2015-09-04","tipo_apresentacao":"E","data_publicacao":null,"numero_origem_externa":"","ano_origem_externa":null,"data_origem_externa":null,"apelido":"","dias_prazo":null,"data_fim_prazo":null,"em_tramitacao":false,"polemica":false,"objeto":"","complementar":false,"ementa":"REQUER SEJA EXPEDIDO OF&#180;CIO AO EXECUTIVO MUNICIPAL C/C PARA A SECRETARIA DE SA\u00daDE PARA QUE PRESTEM INFORMA\u00c7\u00d5ES QUANTO AO ATENDIMENTO NA \u00c1REA DE SA\u00daDE MENTAL OFERTADO \u00c0S CRIAN\u00c7AS, ADOLESCENTES, IDOSOS E DEPENDENTES QU\u00cdMICOS: - QUAIS PROGRAMAS S\u00c3O DISPONIBILIZADOS PARA TRATAMENTO NA \u00c1REA DE SA\u00daDE MENTAL, AL\u00c9M DO CAPS; - QUANTAS EQUIPES MULTIPROFISSIONAIS PRESTAM ATENDIMENTO NO MUNIC\u00cdPIO, E QUAIS S\u00c3O OS PROFISSIONAIS QUE INTEGRAM ESSAS EQUIPES; - QUAIS PROFISSIONAIS COMP\u00d5EM A EQUIPE MULTIDISCIPLINAR QUE PRESTEM ATENDIMENTO NO CAPS; - QUANTOS PACIENTES S\u00c3O ATENDIDOS MENSALMENTE; QUANTOS PACIENTES SE ENCONTRAM NA FILA DE ESPERA PARA AVALIA\u00c7\u00c3O E TRATAMENTO; - EXISTE PREVIS\u00c3O DE AMPLIA\u00c7\u00c3O DO ATENDIMENTO.  ","indexacao":"","observacao":"","resultado":"","texto_original":"http://sapl.fazendariogrande.pr.leg.br/media/sapl/public/materialegislativa/2015/513/513_texto_integral.pdf","data_ultima_atualizacao":"2018-10-04T10:14:09.539482-03:00","ip":"","ultima_edicao":null,"tipo":3,"regime_tramitacao":1,"tipo_origem_externa":null,"local_origem_externa":null,"user":null,"anexadas":[],"autores":[7]}