{"id":3324,"__str__":"Projeto de Lei Executivo n\u00ba 19 de 2019","link_detail_backend":"/materia/3324","metadata":{},"numero":19,"ano":2019,"numero_protocolo":null,"data_apresentacao":"2019-06-17","tipo_apresentacao":"E","data_publicacao":null,"numero_origem_externa":"","ano_origem_externa":null,"data_origem_externa":null,"apelido":"","dias_prazo":null,"data_fim_prazo":null,"em_tramitacao":true,"polemica":false,"objeto":"","complementar":false,"ementa":"SUMULA: \u201cDesafeta im\u00f3vel de uso comum do povo e incorpora im\u00f3vel aos bens de uso especial, para fins de unifica\u00e7\u00e3o, conforme especifica\u201d.","indexacao":"","observacao":"","resultado":"","texto_original":null,"data_ultima_atualizacao":"2019-06-17T09:09:51.883146-03:00","ip":"177.16.125.212","ultima_edicao":null,"tipo":1,"regime_tramitacao":1,"tipo_origem_externa":null,"local_origem_externa":null,"user":40,"anexadas":[],"autores":[57]}